[{"@context":"https:\/\/schema.org\/","@type":"Article","@id":"https:\/\/lakpro.cz\/prakticke-dvere\/#Article","mainEntityOfPage":"https:\/\/lakpro.cz\/prakticke-dvere\/","headline":"Praktick\u00e9 dve\u0159e","name":"Praktick\u00e9 dve\u0159e","description":"Pokud tak\u00e9 p\u0159em\u00fd\u0161l\u00edte, \u017ee pot\u0159ebujete nov\u00e1 okna nebo nov\u00e9 dve\u0159e, tak samoz\u0159ejm\u011b, \u017ee bude nejlep\u0161\u00ed, pokud si vlastn\u011b usmysl\u00edte, co p\u0159esn\u011b chcete, proto\u017ee existuj\u00ed r\u016fzn\u00e9 &hellip; ","datePublished":"2026-03-11","dateModified":"2026-03-11","author":{"@type":"Person","@id":"https:\/\/lakpro.cz\/author\/#Person","name":"","url":"https:\/\/lakpro.cz\/author\/","identifier":1,"image":{"@type":"ImageObject","@id":"https:\/\/secure.gravatar.com\/avatar\/29b4b7cf61bc7f4a3cff4e7146cbe3cb?s=96&d=mm&r=g","url":"https:\/\/secure.gravatar.com\/avatar\/29b4b7cf61bc7f4a3cff4e7146cbe3cb?s=96&d=mm&r=g","height":96,"width":96}},"publisher":{"@type":"Organization","name":"lakpro.cz","logo":{"@type":"ImageObject","@id":"\/logo.png","url":"\/logo.png","width":600,"height":60}},"image":{"@type":"ImageObject","@id":"https:\/\/lakpro.cz\/wp-content\/uploads\/susannp4-door-1202905_640.png","url":"https:\/\/lakpro.cz\/wp-content\/uploads\/susannp4-door-1202905_640.png","height":0,"width":0},"url":"https:\/\/lakpro.cz\/prakticke-dvere\/","about":["Produkty"],"wordCount":444,"articleBody":"         Pokud tak\u00e9 p\u0159em\u00fd\u0161l\u00edte, \u017ee pot\u0159ebujete nov\u00e1 okna nebo nov\u00e9 dve\u0159e, tak samoz\u0159ejm\u011b, \u017ee bude nejlep\u0161\u00ed, pokud si vlastn\u011b usmysl\u00edte, co p\u0159esn\u011b chcete, proto\u017ee existuj\u00ed r\u016fzn\u00e9 typy dve\u0159\u00ed a oken, t\u0159eba tak\u00e9 r\u016fzn\u00fd materi\u00e1l nebo barva. My s p\u0159\u00edtelem pr\u00e1v\u011b uva\u017eujeme, \u017ee si jako venkovn\u00ed dve\u0159e d\u00e1me vchodov\u00e9 dve\u0159e s madlem, proto\u017ee to madlo tam je opravdu hodn\u011b perfektn\u00ed. V p\u0159\u00edzem\u00ed bydl\u00ed je\u0161t\u011b na\u0161e babi\u010dka a u\u017e \u0161patn\u011b chod\u00ed, tak\u017ee ne\u017e abychom m\u011bli \u00fapln\u011b oby\u010dejn\u00e9 dve\u0159e, tak si mysl\u00edm, \u017ee nejlep\u0161\u00ed varianta by byla, kdybychom si po\u0159\u00eddili vchodov\u00e9 dve\u0159e s madlem. To znamen\u00e1, \u017ee babi\u010dka se tam potom m\u016f\u017ee kdykoli chytit. A kdyby tam t\u0159eba p\u0159i\u0161la i n\u011bjak\u00e1 n\u00e1v\u0161t\u011bva za babi\u010dkou, kter\u00e1 tak\u00e9 m\u016f\u017ee t\u0159eba nap\u0159\u00edklad \u0161patn\u011b chodit, tak to madlo tam bude opravdu dvojn\u00e1sobn\u011b skv\u011ble.A to plat\u00ed nejenom pro seniory, kte\u0159\u00ed \u0161patn\u011b chod\u00ed, ale i pro dal\u0161\u00ed lidi nebo i pro mal\u00e9 d\u011bti. I mal\u00e9 d\u011bti se t\u0159eba cht\u011bj\u00ed n\u011b\u010deho chytit, kdy\u017e jdou do schod\u016f nebo ze schod\u016f, proto\u017ee my tam m\u00e1me p\u00e1r schod\u016f, kdy\u017e se jde k n\u00e1m dom\u016f, ale tohle v\u016fbec nevad\u00ed. Pokud i vy hled\u00e1te vchodov\u00e9 dve\u0159e s madlem, tak samoz\u0159ejm\u011b m\u016f\u017eete vybrat materi\u00e1l, m\u016f\u017eete m\u00edt d\u0159ev\u011bn\u00e9 dve\u0159e s madlem a nebo tak\u00e9 plastov\u00e9 dve\u0159e s madlem, kter\u00e9 jsou vchodov\u00e9. Ono z\u00e1le\u017e\u00ed u\u017e na tom, kolik na to m\u00e1te pen\u011bz, proto\u017ee t\u0159eba nap\u0159\u00edklad d\u0159ev\u011bn\u00e9 dve\u0159e s madlem budou o n\u011bco dra\u017e\u0161\u00ed, ne\u017e kdybyste si po\u0159\u00eddili plastov\u00e9 dve\u0159e s madlem.A co se t\u00fdk\u00e1 barvy, tak samoz\u0159ejm\u011b, \u017ee si m\u016f\u017eete vybrat barvu, jakou chcete. Nejlep\u0161\u00ed tedy jsou hn\u011bd\u00e1 d\u0159ev\u011bn\u00e1 okna nebo hn\u011bd\u00e9 d\u0159ev\u011bn\u00e9 vchodov\u00e9 dve\u0159e. My tak\u00e9 s partnerem budeme si po\u0159izovat opravdu nov\u00e9 dve\u0159e a nov\u00e1 okna a chceme, aby n\u00e1m to v\u0161echno u sebe ladilo. A kdy\u017e si po\u0159\u00edd\u00edte vchodov\u00e9 dve\u0159e s madlem, kter\u00e9 t\u0159eba budou hn\u011bd\u00e9, tak samoz\u0159ejm\u011b bych doporu\u010dovala, abyste m\u011bli i hn\u011bd\u00e1 okna, aby to v\u0161echno kr\u00e1sn\u011b k sob\u011b ladilo a aby to hlavn\u011b nep\u016fsobilo jako p\u011bst na oko. To by se k sob\u011b asi potom v\u016fbec nehodilo. Vchodov\u00e9 dve\u0159e s madlem jsou velmi praktick\u00e9 a funk\u010dn\u00ed.                                                                                                                                                                                                                                                                                                                                                                                                   "},{"@context":"https:\/\/schema.org\/","@type":"BreadcrumbList","itemListElement":[{"@type":"ListItem","position":1,"name":"Praktick\u00e9 dve\u0159e","item":"https:\/\/lakpro.cz\/prakticke-dvere\/#breadcrumbitem"}]}]