[{"@context":"https:\/\/schema.org\/","@type":"Blog","@id":"https:\/\/lakpro.cz#Blog","headline":"Lak pro","description":"\n\u017d\u00e1dn\u00fd internetov\u00fd web pochopiteln\u011b nedok\u00e1\u017ee d\u011blat z\u00e1zraky. Ale kdy\u017e je n\u011bkomu pot\u0159eba pomoci, m\u016f\u017ee i dob\u0159e vybran\u00fd web prosp\u011bt. T\u0159eba zrovna tenhle.","url":"https:\/\/lakpro.cz","hasPart":[{"@type":"Article","@id":"https:\/\/lakpro.cz\/jake-vyhody-maji-schody-pres-celou-siri-3-schody-do-bazenu\/","headline":"Jak\u00e9 v\u00fdhody maj\u00ed schody p\u0159es celou \u0161\u00ed\u0159i (3 schody) do baz\u00e9nu","url":"https:\/\/lakpro.cz\/jake-vyhody-maji-schody-pres-celou-siri-3-schody-do-bazenu\/","datePublished":"2026-02-16","dateModified":"2026-02-16","mainEntityOfPage":"https:\/\/lakpro.cz\/jake-vyhody-maji-schody-pres-celou-siri-3-schody-do-bazenu\/","author":{"@type":"Person","@id":"https:\/\/lakpro.cz\/author\/#Person","name":"","url":"https:\/\/lakpro.cz\/author\/","identifier":1,"image":{"@type":"ImageObject","@id":"https:\/\/secure.gravatar.com\/avatar\/29b4b7cf61bc7f4a3cff4e7146cbe3cb?s=96&d=mm&r=g","url":"https:\/\/secure.gravatar.com\/avatar\/29b4b7cf61bc7f4a3cff4e7146cbe3cb?s=96&d=mm&r=g","height":96,"width":96}},"publisher":{"@type":"Organization","name":"lakpro.cz","logo":{"@type":"ImageObject","@id":"\/logo.png","url":"\/logo.png","width":600,"height":60}},"image":{"@type":"ImageObject","@id":"https:\/\/lakpro.cz\/wp-content\/uploads\/bazen10_10_10_10_9.jpg","url":"https:\/\/lakpro.cz\/wp-content\/uploads\/bazen10_10_10_10_9.jpg","height":0,"width":0},"wordCount":635,"keywords":null},{"@type":"Article","@id":"https:\/\/lakpro.cz\/mladi-a-jejich-darky\/","headline":"Mlad\u00ed a jejich d\u00e1rky","url":"https:\/\/lakpro.cz\/mladi-a-jejich-darky\/","datePublished":"2026-02-15","dateModified":"2026-02-15","mainEntityOfPage":"https:\/\/lakpro.cz\/mladi-a-jejich-darky\/","author":{"@type":"Person","@id":"https:\/\/lakpro.cz\/author\/#Person","name":"","url":"https:\/\/lakpro.cz\/author\/","identifier":1,"image":{"@type":"ImageObject","@id":"https:\/\/secure.gravatar.com\/avatar\/29b4b7cf61bc7f4a3cff4e7146cbe3cb?s=96&d=mm&r=g","url":"https:\/\/secure.gravatar.com\/avatar\/29b4b7cf61bc7f4a3cff4e7146cbe3cb?s=96&d=mm&r=g","height":96,"width":96}},"publisher":{"@type":"Organization","name":"lakpro.cz","logo":{"@type":"ImageObject","@id":"\/logo.png","url":"\/logo.png","width":600,"height":60}},"image":{"@type":"ImageObject","@id":"https:\/\/lakpro.cz\/wp-content\/uploads\/ragdezemog96-manzana-1757048_640.jpg","url":"https:\/\/lakpro.cz\/wp-content\/uploads\/ragdezemog96-manzana-1757048_640.jpg","height":0,"width":0},"wordCount":626,"keywords":null},{"@type":"Article","@id":"https:\/\/lakpro.cz\/malinke-auticko\/","headline":"Malink\u00e9 aut\u00ed\u010dko","url":"https:\/\/lakpro.cz\/malinke-auticko\/","datePublished":"2026-02-14","dateModified":"2026-02-14","mainEntityOfPage":"https:\/\/lakpro.cz\/malinke-auticko\/","author":{"@type":"Person","@id":"https:\/\/lakpro.cz\/author\/#Person","name":"","url":"https:\/\/lakpro.cz\/author\/","identifier":1,"image":{"@type":"ImageObject","@id":"https:\/\/secure.gravatar.com\/avatar\/29b4b7cf61bc7f4a3cff4e7146cbe3cb?s=96&d=mm&r=g","url":"https:\/\/secure.gravatar.com\/avatar\/29b4b7cf61bc7f4a3cff4e7146cbe3cb?s=96&d=mm&r=g","height":96,"width":96}},"publisher":{"@type":"Organization","name":"lakpro.cz","logo":{"@type":"ImageObject","@id":"\/logo.png","url":"\/logo.png","width":600,"height":60}},"image":{"@type":"ImageObject","@id":"https:\/\/lakpro.cz\/wp-content\/uploads\/mukurtu-car-6015346_640.jpg","url":"https:\/\/lakpro.cz\/wp-content\/uploads\/mukurtu-car-6015346_640.jpg","height":0,"width":0},"wordCount":592,"keywords":null},{"@type":"Article","@id":"https:\/\/lakpro.cz\/kvalitni-okna\/","headline":"Kvalitn\u00ed okna","url":"https:\/\/lakpro.cz\/kvalitni-okna\/","datePublished":"2026-02-12","dateModified":"2026-02-12","mainEntityOfPage":"https:\/\/lakpro.cz\/kvalitni-okna\/","author":{"@type":"Person","@id":"https:\/\/lakpro.cz\/author\/#Person","name":"","url":"https:\/\/lakpro.cz\/author\/","identifier":1,"image":{"@type":"ImageObject","@id":"https:\/\/secure.gravatar.com\/avatar\/29b4b7cf61bc7f4a3cff4e7146cbe3cb?s=96&d=mm&r=g","url":"https:\/\/secure.gravatar.com\/avatar\/29b4b7cf61bc7f4a3cff4e7146cbe3cb?s=96&d=mm&r=g","height":96,"width":96}},"publisher":{"@type":"Organization","name":"lakpro.cz","logo":{"@type":"ImageObject","@id":"\/logo.png","url":"\/logo.png","width":600,"height":60}},"image":{"@type":"ImageObject","@id":"https:\/\/lakpro.cz\/wp-content\/uploads\/pexels-chairs-2181947_640_1.jpg","url":"https:\/\/lakpro.cz\/wp-content\/uploads\/pexels-chairs-2181947_640_1.jpg","height":0,"width":0},"wordCount":587,"keywords":null},{"@type":"Article","@id":"https:\/\/lakpro.cz\/elektroinstalace-muze-byt-dobrym-sluhou-ale-zlym-panem\/","headline":"Elektroinstalace m\u016f\u017ee b\u00fdt dobr\u00fdm sluhou, ale zl\u00fdm p\u00e1nem","url":"https:\/\/lakpro.cz\/elektroinstalace-muze-byt-dobrym-sluhou-ale-zlym-panem\/","datePublished":"2026-02-11","dateModified":"2026-02-11","mainEntityOfPage":"https:\/\/lakpro.cz\/elektroinstalace-muze-byt-dobrym-sluhou-ale-zlym-panem\/","author":{"@type":"Person","@id":"https:\/\/lakpro.cz\/author\/#Person","name":"","url":"https:\/\/lakpro.cz\/author\/","identifier":1,"image":{"@type":"ImageObject","@id":"https:\/\/secure.gravatar.com\/avatar\/29b4b7cf61bc7f4a3cff4e7146cbe3cb?s=96&d=mm&r=g","url":"https:\/\/secure.gravatar.com\/avatar\/29b4b7cf61bc7f4a3cff4e7146cbe3cb?s=96&d=mm&r=g","height":96,"width":96}},"publisher":{"@type":"Organization","name":"lakpro.cz","logo":{"@type":"ImageObject","@id":"\/logo.png","url":"\/logo.png","width":600,"height":60}},"image":{"@type":"ImageObject","@id":"https:\/\/lakpro.cz\/wp-content\/uploads\/luiz-jorge-artista-outlet-1329193_640.jpg","url":"https:\/\/lakpro.cz\/wp-content\/uploads\/luiz-jorge-artista-outlet-1329193_640.jpg","height":0,"width":0},"wordCount":548,"keywords":null},{"@type":"Article","@id":"https:\/\/lakpro.cz\/s-instalaci-svitidel-by-mohl-byt-napomocny-i-bytovy-architekt\/","headline":"S instalac\u00ed sv\u00edtidel by mohl b\u00fdt n\u00e1pomocn\u00fd i bytov\u00fd architekt","url":"https:\/\/lakpro.cz\/s-instalaci-svitidel-by-mohl-byt-napomocny-i-bytovy-architekt\/","datePublished":"2026-02-11","dateModified":"2026-02-11","mainEntityOfPage":"https:\/\/lakpro.cz\/s-instalaci-svitidel-by-mohl-byt-napomocny-i-bytovy-architekt\/","author":{"@type":"Person","@id":"https:\/\/lakpro.cz\/author\/#Person","name":"","url":"https:\/\/lakpro.cz\/author\/","identifier":1,"image":{"@type":"ImageObject","@id":"https:\/\/secure.gravatar.com\/avatar\/29b4b7cf61bc7f4a3cff4e7146cbe3cb?s=96&d=mm&r=g","url":"https:\/\/secure.gravatar.com\/avatar\/29b4b7cf61bc7f4a3cff4e7146cbe3cb?s=96&d=mm&r=g","height":96,"width":96}},"publisher":{"@type":"Organization","name":"lakpro.cz","logo":{"@type":"ImageObject","@id":"\/logo.png","url":"\/logo.png","width":600,"height":60}},"image":{"@type":"ImageObject","@id":"https:\/\/lakpro.cz\/wp-content\/uploads\/bedroom-5772286_640_10_10_10_1.jpg","url":"https:\/\/lakpro.cz\/wp-content\/uploads\/bedroom-5772286_640_10_10_10_1.jpg","height":0,"width":0},"wordCount":612,"keywords":null},{"@type":"Article","@id":"https:\/\/lakpro.cz\/financovani-automobilu\/","headline":"Financov\u00e1n\u00ed automobilu","url":"https:\/\/lakpro.cz\/financovani-automobilu\/","datePublished":"2026-02-10","dateModified":"2026-02-10","mainEntityOfPage":"https:\/\/lakpro.cz\/financovani-automobilu\/","author":{"@type":"Person","@id":"https:\/\/lakpro.cz\/author\/#Person","name":"","url":"https:\/\/lakpro.cz\/author\/","identifier":1,"image":{"@type":"ImageObject","@id":"https:\/\/secure.gravatar.com\/avatar\/29b4b7cf61bc7f4a3cff4e7146cbe3cb?s=96&d=mm&r=g","url":"https:\/\/secure.gravatar.com\/avatar\/29b4b7cf61bc7f4a3cff4e7146cbe3cb?s=96&d=mm&r=g","height":96,"width":96}},"publisher":{"@type":"Organization","name":"lakpro.cz","logo":{"@type":"ImageObject","@id":"\/logo.png","url":"\/logo.png","width":600,"height":60}},"image":{"@type":"ImageObject","@id":"https:\/\/lakpro.cz\/wp-content\/uploads\/3093594-porsche-targa-1621744_640.jpg","url":"https:\/\/lakpro.cz\/wp-content\/uploads\/3093594-porsche-targa-1621744_640.jpg","height":0,"width":0},"wordCount":568,"keywords":null},{"@type":"Article","@id":"https:\/\/lakpro.cz\/stehovani-v-letnich-vedrech\/","headline":"St\u011bhov\u00e1n\u00ed v letn\u00edch vedrech","url":"https:\/\/lakpro.cz\/stehovani-v-letnich-vedrech\/","datePublished":"2026-02-09","dateModified":"2026-02-09","mainEntityOfPage":"https:\/\/lakpro.cz\/stehovani-v-letnich-vedrech\/","author":{"@type":"Person","@id":"https:\/\/lakpro.cz\/author\/#Person","name":"","url":"https:\/\/lakpro.cz\/author\/","identifier":1,"image":{"@type":"ImageObject","@id":"https:\/\/secure.gravatar.com\/avatar\/29b4b7cf61bc7f4a3cff4e7146cbe3cb?s=96&d=mm&r=g","url":"https:\/\/secure.gravatar.com\/avatar\/29b4b7cf61bc7f4a3cff4e7146cbe3cb?s=96&d=mm&r=g","height":96,"width":96}},"publisher":{"@type":"Organization","name":"lakpro.cz","logo":{"@type":"ImageObject","@id":"\/logo.png","url":"\/logo.png","width":600,"height":60}},"image":{"@type":"ImageObject","@id":"https:\/\/lakpro.cz\/wp-content\/uploads\/boxes-970950_640_10_10_10.jpg","url":"https:\/\/lakpro.cz\/wp-content\/uploads\/boxes-970950_640_10_10_10.jpg","height":0,"width":0},"wordCount":648,"keywords":null},{"@type":"Article","@id":"https:\/\/lakpro.cz\/bazen-na-zahrade-pro-formovani-postavy\/","headline":"Baz\u00e9n na zahrad\u011b pro formov\u00e1n\u00ed postavy","url":"https:\/\/lakpro.cz\/bazen-na-zahrade-pro-formovani-postavy\/","datePublished":"2026-02-08","dateModified":"2026-02-08","mainEntityOfPage":"https:\/\/lakpro.cz\/bazen-na-zahrade-pro-formovani-postavy\/","author":{"@type":"Person","@id":"https:\/\/lakpro.cz\/author\/#Person","name":"","url":"https:\/\/lakpro.cz\/author\/","identifier":1,"image":{"@type":"ImageObject","@id":"https:\/\/secure.gravatar.com\/avatar\/29b4b7cf61bc7f4a3cff4e7146cbe3cb?s=96&d=mm&r=g","url":"https:\/\/secure.gravatar.com\/avatar\/29b4b7cf61bc7f4a3cff4e7146cbe3cb?s=96&d=mm&r=g","height":96,"width":96}},"publisher":{"@type":"Organization","name":"lakpro.cz","logo":{"@type":"ImageObject","@id":"\/logo.png","url":"\/logo.png","width":600,"height":60}},"image":{"@type":"ImageObject","@id":"https:\/\/lakpro.cz\/wp-content\/uploads\/swimming-pool-thermometer-1605907_640_10_10_1.jpg","url":"https:\/\/lakpro.cz\/wp-content\/uploads\/swimming-pool-thermometer-1605907_640_10_10_1.jpg","height":0,"width":0},"wordCount":583,"keywords":null},{"@type":"Article","@id":"https:\/\/lakpro.cz\/kouzelnik-nas-vraci-do-fyzicke-reality\/","headline":"Kouzeln\u00edk n\u00e1s vrac\u00ed do fyzick\u00e9 reality","url":"https:\/\/lakpro.cz\/kouzelnik-nas-vraci-do-fyzicke-reality\/","datePublished":"2026-02-08","dateModified":"2026-02-08","mainEntityOfPage":"https:\/\/lakpro.cz\/kouzelnik-nas-vraci-do-fyzicke-reality\/","author":{"@type":"Person","@id":"https:\/\/lakpro.cz\/author\/#Person","name":"","url":"https:\/\/lakpro.cz\/author\/","identifier":1,"image":{"@type":"ImageObject","@id":"https:\/\/secure.gravatar.com\/avatar\/29b4b7cf61bc7f4a3cff4e7146cbe3cb?s=96&d=mm&r=g","url":"https:\/\/secure.gravatar.com\/avatar\/29b4b7cf61bc7f4a3cff4e7146cbe3cb?s=96&d=mm&r=g","height":96,"width":96}},"publisher":{"@type":"Organization","name":"lakpro.cz","logo":{"@type":"ImageObject","@id":"\/logo.png","url":"\/logo.png","width":600,"height":60}},"image":{"@type":"ImageObject","@id":"https:\/\/lakpro.cz\/wp-content\/uploads\/conjurer-7886259_640_7.jpg","url":"https:\/\/lakpro.cz\/wp-content\/uploads\/conjurer-7886259_640_7.jpg","height":0,"width":0},"wordCount":614,"keywords":null}]},{"@context":"https:\/\/schema.org","@type":"WebSite","@id":"https:\/\/lakpro.cz\/#website","name":"Lak pro","url":"https:\/\/lakpro.cz","potentialAction":{"@type":"SearchAction","target":"https:\/\/lakpro.cz\/?s={search_term_string}","query-input":"required name=search_term_string"}}]