[{"@context":"https:\/\/schema.org\/","@type":"Blog","@id":"https:\/\/lakpro.cz#Blog","headline":"Lak pro","description":"\n\u017d\u00e1dn\u00fd internetov\u00fd web pochopiteln\u011b nedok\u00e1\u017ee d\u011blat z\u00e1zraky. Ale kdy\u017e je n\u011bkomu pot\u0159eba pomoci, m\u016f\u017ee i dob\u0159e vybran\u00fd web prosp\u011bt. T\u0159eba zrovna tenhle.","url":"https:\/\/lakpro.cz","hasPart":[{"@type":"Article","@id":"https:\/\/lakpro.cz\/nakup-auta\/","headline":"N\u00e1kup auta","url":"https:\/\/lakpro.cz\/nakup-auta\/","datePublished":"2026-03-02","dateModified":"2026-03-02","mainEntityOfPage":"https:\/\/lakpro.cz\/nakup-auta\/","author":{"@type":"Person","@id":"https:\/\/lakpro.cz\/author\/#Person","name":"","url":"https:\/\/lakpro.cz\/author\/","identifier":1,"image":{"@type":"ImageObject","@id":"https:\/\/secure.gravatar.com\/avatar\/29b4b7cf61bc7f4a3cff4e7146cbe3cb?s=96&d=mm&r=g","url":"https:\/\/secure.gravatar.com\/avatar\/29b4b7cf61bc7f4a3cff4e7146cbe3cb?s=96&d=mm&r=g","height":96,"width":96}},"publisher":{"@type":"Organization","name":"lakpro.cz","logo":{"@type":"ImageObject","@id":"\/logo.png","url":"\/logo.png","width":600,"height":60}},"image":{"@type":"ImageObject","@id":"https:\/\/lakpro.cz\/wp-content\/uploads\/ultra_media-porsche-911-gt2-5795128_640_1.jpg","url":"https:\/\/lakpro.cz\/wp-content\/uploads\/ultra_media-porsche-911-gt2-5795128_640_1.jpg","height":0,"width":0},"wordCount":543,"keywords":null},{"@type":"Article","@id":"https:\/\/lakpro.cz\/rozvoj-firmy-za-hranicemi-a-bez-zbytecnych-preslapu\/","headline":"Rozvoj firmy za hranicemi a bez zbyte\u010dn\u00fdch p\u0159e\u0161lap\u016f","url":"https:\/\/lakpro.cz\/rozvoj-firmy-za-hranicemi-a-bez-zbytecnych-preslapu\/","datePublished":"2026-03-02","dateModified":"2026-03-02","mainEntityOfPage":"https:\/\/lakpro.cz\/rozvoj-firmy-za-hranicemi-a-bez-zbytecnych-preslapu\/","author":{"@type":"Person","@id":"https:\/\/lakpro.cz\/author\/#Person","name":"","url":"https:\/\/lakpro.cz\/author\/","identifier":1,"image":{"@type":"ImageObject","@id":"https:\/\/secure.gravatar.com\/avatar\/29b4b7cf61bc7f4a3cff4e7146cbe3cb?s=96&d=mm&r=g","url":"https:\/\/secure.gravatar.com\/avatar\/29b4b7cf61bc7f4a3cff4e7146cbe3cb?s=96&d=mm&r=g","height":96,"width":96}},"publisher":{"@type":"Organization","name":"lakpro.cz","logo":{"@type":"ImageObject","@id":"\/logo.png","url":"\/logo.png","width":600,"height":60}},"image":{"@type":"ImageObject","@id":"https:\/\/lakpro.cz\/wp-content\/uploads\/alyibel-entrepreneur-2326419_1920.jpg","url":"https:\/\/lakpro.cz\/wp-content\/uploads\/alyibel-entrepreneur-2326419_1920.jpg","height":0,"width":0},"wordCount":717,"keywords":null},{"@type":"Article","@id":"https:\/\/lakpro.cz\/proc-bych-vsadil-na-kotel-na-drevene-pelety\/","headline":"Pro\u010d bych vsadil na kotel na d\u0159ev\u011bn\u00e9 pelety","url":"https:\/\/lakpro.cz\/proc-bych-vsadil-na-kotel-na-drevene-pelety\/","datePublished":"2026-03-01","dateModified":"2026-03-01","mainEntityOfPage":"https:\/\/lakpro.cz\/proc-bych-vsadil-na-kotel-na-drevene-pelety\/","author":{"@type":"Person","@id":"https:\/\/lakpro.cz\/author\/#Person","name":"","url":"https:\/\/lakpro.cz\/author\/","identifier":1,"image":{"@type":"ImageObject","@id":"https:\/\/secure.gravatar.com\/avatar\/29b4b7cf61bc7f4a3cff4e7146cbe3cb?s=96&d=mm&r=g","url":"https:\/\/secure.gravatar.com\/avatar\/29b4b7cf61bc7f4a3cff4e7146cbe3cb?s=96&d=mm&r=g","height":96,"width":96}},"publisher":{"@type":"Organization","name":"lakpro.cz","logo":{"@type":"ImageObject","@id":"\/logo.png","url":"\/logo.png","width":600,"height":60}},"image":{"@type":"ImageObject","@id":"https:\/\/lakpro.cz\/wp-content\/uploads\/alexas_fotos-fire-4892711_640.jpg","url":"https:\/\/lakpro.cz\/wp-content\/uploads\/alexas_fotos-fire-4892711_640.jpg","height":0,"width":0},"wordCount":711,"keywords":null},{"@type":"Article","@id":"https:\/\/lakpro.cz\/umeni-pohybu-neboli-parkour\/","headline":"Um\u011bn\u00ed pohybu neboli Parkour","url":"https:\/\/lakpro.cz\/umeni-pohybu-neboli-parkour\/","datePublished":"2026-03-01","dateModified":"2026-03-01","mainEntityOfPage":"https:\/\/lakpro.cz\/umeni-pohybu-neboli-parkour\/","author":{"@type":"Person","@id":"https:\/\/lakpro.cz\/author\/#Person","name":"","url":"https:\/\/lakpro.cz\/author\/","identifier":1,"image":{"@type":"ImageObject","@id":"https:\/\/secure.gravatar.com\/avatar\/29b4b7cf61bc7f4a3cff4e7146cbe3cb?s=96&d=mm&r=g","url":"https:\/\/secure.gravatar.com\/avatar\/29b4b7cf61bc7f4a3cff4e7146cbe3cb?s=96&d=mm&r=g","height":96,"width":96}},"publisher":{"@type":"Organization","name":"lakpro.cz","logo":{"@type":"ImageObject","@id":"\/logo.png","url":"\/logo.png","width":600,"height":60}},"image":{"@type":"ImageObject","@id":"https:\/\/lakpro.cz\/wp-content\/uploads\/img_a302314_w2072_t1512156526.jpg","url":"https:\/\/lakpro.cz\/wp-content\/uploads\/img_a302314_w2072_t1512156526.jpg","height":0,"width":0},"wordCount":562,"keywords":null},{"@type":"Article","@id":"https:\/\/lakpro.cz\/plastova-okna-na-miru-nemusi-byt-jen-pro-miru\/","headline":"Plastov\u00e1 okna na m\u00edru nemus\u00ed b\u00fdt jen pro M\u00edru","url":"https:\/\/lakpro.cz\/plastova-okna-na-miru-nemusi-byt-jen-pro-miru\/","datePublished":"2026-03-01","dateModified":"2026-03-01","mainEntityOfPage":"https:\/\/lakpro.cz\/plastova-okna-na-miru-nemusi-byt-jen-pro-miru\/","author":{"@type":"Person","@id":"https:\/\/lakpro.cz\/author\/#Person","name":"","url":"https:\/\/lakpro.cz\/author\/","identifier":1,"image":{"@type":"ImageObject","@id":"https:\/\/secure.gravatar.com\/avatar\/29b4b7cf61bc7f4a3cff4e7146cbe3cb?s=96&d=mm&r=g","url":"https:\/\/secure.gravatar.com\/avatar\/29b4b7cf61bc7f4a3cff4e7146cbe3cb?s=96&d=mm&r=g","height":96,"width":96}},"publisher":{"@type":"Organization","name":"lakpro.cz","logo":{"@type":"ImageObject","@id":"\/logo.png","url":"\/logo.png","width":600,"height":60}},"image":{"@type":"ImageObject","@id":"https:\/\/lakpro.cz\/wp-content\/uploads\/brianpenny-science-lab-7445779_640.jpg","url":"https:\/\/lakpro.cz\/wp-content\/uploads\/brianpenny-science-lab-7445779_640.jpg","height":0,"width":0},"wordCount":529,"keywords":null},{"@type":"Article","@id":"https:\/\/lakpro.cz\/aby-se-koronavirus-nevratil\/","headline":"Aby se koronavirus nevr\u00e1til","url":"https:\/\/lakpro.cz\/aby-se-koronavirus-nevratil\/","datePublished":"2026-03-01","dateModified":"2026-03-01","mainEntityOfPage":"https:\/\/lakpro.cz\/aby-se-koronavirus-nevratil\/","author":{"@type":"Person","@id":"https:\/\/lakpro.cz\/author\/#Person","name":"","url":"https:\/\/lakpro.cz\/author\/","identifier":1,"image":{"@type":"ImageObject","@id":"https:\/\/secure.gravatar.com\/avatar\/29b4b7cf61bc7f4a3cff4e7146cbe3cb?s=96&d=mm&r=g","url":"https:\/\/secure.gravatar.com\/avatar\/29b4b7cf61bc7f4a3cff4e7146cbe3cb?s=96&d=mm&r=g","height":96,"width":96}},"publisher":{"@type":"Organization","name":"lakpro.cz","logo":{"@type":"ImageObject","@id":"\/logo.png","url":"\/logo.png","width":600,"height":60}},"image":{"@type":"ImageObject","@id":"https:\/\/lakpro.cz\/wp-content\/uploads\/kk_10_10_10_10_4.jpg","url":"https:\/\/lakpro.cz\/wp-content\/uploads\/kk_10_10_10_10_4.jpg","height":0,"width":0},"wordCount":601,"keywords":null},{"@type":"Article","@id":"https:\/\/lakpro.cz\/vysokorychlostni-internet-v-ceske-republice\/","headline":"Vysokorychlostn\u00ed internet v \u010cesk\u00e9 republice","url":"https:\/\/lakpro.cz\/vysokorychlostni-internet-v-ceske-republice\/","datePublished":"2026-02-27","dateModified":"2026-02-27","mainEntityOfPage":"https:\/\/lakpro.cz\/vysokorychlostni-internet-v-ceske-republice\/","author":{"@type":"Person","@id":"https:\/\/lakpro.cz\/author\/#Person","name":"","url":"https:\/\/lakpro.cz\/author\/","identifier":1,"image":{"@type":"ImageObject","@id":"https:\/\/secure.gravatar.com\/avatar\/29b4b7cf61bc7f4a3cff4e7146cbe3cb?s=96&d=mm&r=g","url":"https:\/\/secure.gravatar.com\/avatar\/29b4b7cf61bc7f4a3cff4e7146cbe3cb?s=96&d=mm&r=g","height":96,"width":96}},"publisher":{"@type":"Organization","name":"lakpro.cz","logo":{"@type":"ImageObject","@id":"\/logo.png","url":"\/logo.png","width":600,"height":60}},"image":{"@type":"ImageObject","@id":"https:\/\/lakpro.cz\/wp-content\/uploads\/img_a298319_w2384_t1508698778.jpg","url":"https:\/\/lakpro.cz\/wp-content\/uploads\/img_a298319_w2384_t1508698778.jpg","height":0,"width":0},"wordCount":576,"keywords":null},{"@type":"Article","@id":"https:\/\/lakpro.cz\/co-vime-o-velikonocnich-svatcich\/","headline":"Co v\u00edme o velikono\u010dn\u00edch sv\u00e1tc\u00edch","url":"https:\/\/lakpro.cz\/co-vime-o-velikonocnich-svatcich\/","datePublished":"2026-02-27","dateModified":"2026-02-27","mainEntityOfPage":"https:\/\/lakpro.cz\/co-vime-o-velikonocnich-svatcich\/","author":{"@type":"Person","@id":"https:\/\/lakpro.cz\/author\/#Person","name":"","url":"https:\/\/lakpro.cz\/author\/","identifier":1,"image":{"@type":"ImageObject","@id":"https:\/\/secure.gravatar.com\/avatar\/29b4b7cf61bc7f4a3cff4e7146cbe3cb?s=96&d=mm&r=g","url":"https:\/\/secure.gravatar.com\/avatar\/29b4b7cf61bc7f4a3cff4e7146cbe3cb?s=96&d=mm&r=g","height":96,"width":96}},"publisher":{"@type":"Organization","name":"lakpro.cz","logo":{"@type":"ImageObject","@id":"\/logo.png","url":"\/logo.png","width":600,"height":60}},"image":{"@type":"ImageObject","@id":"https:\/\/lakpro.cz\/wp-content\/uploads\/img_a341177_w2702_t1553944241.jpg","url":"https:\/\/lakpro.cz\/wp-content\/uploads\/img_a341177_w2702_t1553944241.jpg","height":0,"width":0},"wordCount":4537,"keywords":null},{"@type":"Article","@id":"https:\/\/lakpro.cz\/pro-krasu-se-uz-nemusi-trpet\/","headline":"Pro kr\u00e1su se u\u017e nemus\u00ed trp\u011bt","url":"https:\/\/lakpro.cz\/pro-krasu-se-uz-nemusi-trpet\/","datePublished":"2026-02-26","dateModified":"2026-02-26","mainEntityOfPage":"https:\/\/lakpro.cz\/pro-krasu-se-uz-nemusi-trpet\/","author":{"@type":"Person","@id":"https:\/\/lakpro.cz\/author\/#Person","name":"","url":"https:\/\/lakpro.cz\/author\/","identifier":1,"image":{"@type":"ImageObject","@id":"https:\/\/secure.gravatar.com\/avatar\/29b4b7cf61bc7f4a3cff4e7146cbe3cb?s=96&d=mm&r=g","url":"https:\/\/secure.gravatar.com\/avatar\/29b4b7cf61bc7f4a3cff4e7146cbe3cb?s=96&d=mm&r=g","height":96,"width":96}},"publisher":{"@type":"Organization","name":"lakpro.cz","logo":{"@type":"ImageObject","@id":"\/logo.png","url":"\/logo.png","width":600,"height":60}},"image":{"@type":"ImageObject","@id":"https:\/\/lakpro.cz\/wp-content\/uploads\/img_a291649_w2336_t1504106245.jpg","url":"https:\/\/lakpro.cz\/wp-content\/uploads\/img_a291649_w2336_t1504106245.jpg","height":0,"width":0},"wordCount":621,"keywords":null},{"@type":"Article","@id":"https:\/\/lakpro.cz\/ekonomika-jednotlivce-versus-ekonomika-celku\/","headline":"Ekonomika jednotlivce versus ekonomika celku","url":"https:\/\/lakpro.cz\/ekonomika-jednotlivce-versus-ekonomika-celku\/","datePublished":"2026-02-25","dateModified":"2026-02-25","mainEntityOfPage":"https:\/\/lakpro.cz\/ekonomika-jednotlivce-versus-ekonomika-celku\/","author":{"@type":"Person","@id":"https:\/\/lakpro.cz\/author\/#Person","name":"","url":"https:\/\/lakpro.cz\/author\/","identifier":1,"image":{"@type":"ImageObject","@id":"https:\/\/secure.gravatar.com\/avatar\/29b4b7cf61bc7f4a3cff4e7146cbe3cb?s=96&d=mm&r=g","url":"https:\/\/secure.gravatar.com\/avatar\/29b4b7cf61bc7f4a3cff4e7146cbe3cb?s=96&d=mm&r=g","height":96,"width":96}},"publisher":{"@type":"Organization","name":"lakpro.cz","logo":{"@type":"ImageObject","@id":"\/logo.png","url":"\/logo.png","width":600,"height":60}},"image":{"@type":"ImageObject","@id":"https:\/\/lakpro.cz\/wp-content\/uploads\/img_a303690_w2068_t1514330779.jpg","url":"https:\/\/lakpro.cz\/wp-content\/uploads\/img_a303690_w2068_t1514330779.jpg","height":0,"width":0},"wordCount":475,"keywords":null}]},{"@context":"https:\/\/schema.org","@type":"WebSite","@id":"https:\/\/lakpro.cz\/#website","name":"Lak pro","url":"https:\/\/lakpro.cz","potentialAction":{"@type":"SearchAction","target":"https:\/\/lakpro.cz\/?s={search_term_string}","query-input":"required name=search_term_string"}}]